{"id":9401,"date":"2022-08-31T10:21:00","date_gmt":"2022-08-31T10:21:00","guid":{"rendered":"https:\/\/www.bright-night.it\/?p=9401"},"modified":"2022-09-21T10:32:31","modified_gmt":"2022-09-21T10:32:31","slug":"la-scuola-normale-per-la-bright-night-2022","status":"publish","type":"post","link":"https:\/\/2022.bright-night.it\/?p=9401","title":{"rendered":"La Scuola Normale per la BRIGHT-NIGHT 2022"},"content":{"rendered":"<p class=\"p1\">Anche quest&#8217;anno la Scuola Normale Superiore animer\u00e0 la BRIGHT-NIGHT a Pisa, attraverso una variet\u00e0 di iniziative. Si parler\u00e0 dell\u2019uso della <strong>realt\u00e0 aumentata e virtuale<\/strong> per raccontare un bene artistico, di <strong>materia oscura<\/strong> e della <strong>storia degli stemmi dei Cavalieri di Santo Stefano<\/strong>; verr\u00e0 organizzata una \u201cpasseggiata con la scienza\u201d al <strong>Camposanto Monumentale<\/strong>, e il Coro Vincenzo Galilei si esibir\u00e0 in <strong>concerto<\/strong>. Verranno organizzati incontri dedicati al <strong>rapporto tra p<\/strong><span class=\"s1\"><strong>opulismi di destra e politiche ambientali<\/strong> in Europa e all\u2019impatto dell\u2019<strong>intelligenza artificiale sul lavoro<\/strong> e su chi lavora. <\/span><span class=\"Apple-converted-space\">\u00a0<\/span><\/p>\n<p class=\"p1\">La Normale aprir\u00e0 inoltre alla cittadinanza il <strong>Palazzo della Carovana<\/strong> e il <strong>Palazzo dell\u2019Orologio<\/strong>. Il <strong>Centro di realt\u00e0 Virtuale e aumentata SMART<\/strong> presenter\u00e0 un viaggio virtuale tra spazio, tempo, storia e scienza; nella <strong>torre del Conte Ugolino<\/strong> verr\u00e0 illustrato un percorso di ricerca tra Plinio il Vecchio e Dante; nell\u2019<strong>archivio storico<\/strong> sar\u00e0 approntata una visita guidata con foto e documenti dedicati ai cambiamenti nelle scuole per l\u2019infanzia e elementari tra Ottocento e Novecento.<\/p>\n<blockquote><p>info e contatti: eventiculturali@sns.it<\/p><\/blockquote>\n","protected":false},"excerpt":{"rendered":"<p>Anche quest&#8217;anno la Scuola Normale Superiore animer\u00e0 la BRIGHT-NIGHT a Pisa, attraverso una variet\u00e0 di iniziative. Si parler\u00e0 dell\u2019uso della realt\u00e0 aumentata e virtuale per raccontare un bene artistico, di materia oscura e della storia degli stemmi dei Cavalieri di Santo Stefano; verr\u00e0 organizzata una \u201cpasseggiata con la scienza\u201d al Camposanto Monumentale, e il Coro [&hellip;]<\/p>\n","protected":false},"author":26,"featured_media":9410,"comment_status":"closed","ping_status":"closed","sticky":false,"template":"","format":"standard","meta":{"kk_blocks_editor_width":"","_kiokenblocks_attr":"","_kiokenblocks_dimensions":"","footnotes":""},"categories":[88,91,94,1],"tags":[],"_links":{"self":[{"href":"https:\/\/2022.bright-night.it\/index.php?rest_route=\/wp\/v2\/posts\/9401"}],"collection":[{"href":"https:\/\/2022.bright-night.it\/index.php?rest_route=\/wp\/v2\/posts"}],"about":[{"href":"https:\/\/2022.bright-night.it\/index.php?rest_route=\/wp\/v2\/types\/post"}],"author":[{"embeddable":true,"href":"https:\/\/2022.bright-night.it\/index.php?rest_route=\/wp\/v2\/users\/26"}],"replies":[{"embeddable":true,"href":"https:\/\/2022.bright-night.it\/index.php?rest_route=%2Fwp%2Fv2%2Fcomments&post=9401"}],"version-history":[{"count":4,"href":"https:\/\/2022.bright-night.it\/index.php?rest_route=\/wp\/v2\/posts\/9401\/revisions"}],"predecessor-version":[{"id":11003,"href":"https:\/\/2022.bright-night.it\/index.php?rest_route=\/wp\/v2\/posts\/9401\/revisions\/11003"}],"wp:featuredmedia":[{"embeddable":true,"href":"https:\/\/2022.bright-night.it\/index.php?rest_route=\/wp\/v2\/media\/9410"}],"wp:attachment":[{"href":"https:\/\/2022.bright-night.it\/index.php?rest_route=%2Fwp%2Fv2%2Fmedia&parent=9401"}],"wp:term":[{"taxonomy":"category","embeddable":true,"href":"https:\/\/2022.bright-night.it\/index.php?rest_route=%2Fwp%2Fv2%2Fcategories&post=9401"},{"taxonomy":"post_tag","embeddable":true,"href":"https:\/\/2022.bright-night.it\/index.php?rest_route=%2Fwp%2Fv2%2Ftags&post=9401"}],"curies":[{"name":"wp","href":"https:\/\/api.w.org\/{rel}","templated":true}]}}