{"id":9729,"date":"2022-08-31T07:14:28","date_gmt":"2022-08-31T07:14:28","guid":{"rendered":"https:\/\/www.bright-night.it\/?p=9729"},"modified":"2022-09-27T22:06:45","modified_gmt":"2022-09-27T22:06:45","slug":"faville-di-paradiso-con-dante-attraverso-il-cinema-la-musica-e-la-filosofia","status":"publish","type":"post","link":"https:\/\/2022.bright-night.it\/?p=9729","title":{"rendered":"Faville di Paradiso: con Dante attraverso il cinema, la musica e la filosofia"},"content":{"rendered":"<p><span style=\"font-weight: 400;\">Un viaggio che parte dal <strong>Paradiso di Dante<\/strong> e che attraversa cinema, musica e filosofia (per tornare infine a Dante).<\/span><\/p>\n<p><span style=\"font-weight: 400;\">L&#8217;iniziativa prevede la presentazione di <strong>due cortometraggi<\/strong> realizzati da InArceDantis, in occasione del settimo centenario della morte del Poeta, per la regia di Stefania Maggini.<\/span><\/p>\n<p><span style=\"font-weight: 400;\">Da l\u00ec i partecipanti verranno coinvolti in un dialogo socratico su temi che interrogano tutti: inferno e paradiso, infelicit\u00e0 e felicit\u00e0,\u00a0 vita prima e dopo la morte, mondi visibili e invisibili&#8230;<\/span><\/p>\n<p><span style=\"font-weight: 400;\">Ad arricchire la serata sar\u00e0 poi <strong>Roberta Soldani che canter\u00e0 a cappella brani musicali di ispirazione dantesca<\/strong>.<\/span><\/p>\n<p><span style=\"font-weight: 400;\"><strong>A conclusione Giuseppe Fanfani legger\u00e0 l&#8217;ultimo canto della Divina Commedia<\/strong> (trentatreesimo del Paradiso).<\/span><\/p>\n<p>SDG &#8211; 4<\/p>\n<p><strong>Orario: 17.30 \u2013 20.00<\/strong><\/p>\n<p>&nbsp;<\/p>\n<p>A cura del Dipartimento di Scienze sociali, politiche e cognitive in collaborazione con InArceDantis &#8211; Accademia Dantesca per le Arti e lo Spettacolo. Con il patrocinio di Fraternita dei Laici di Arezzo, FIDAPA BPW di Arezzo, MUMEC &#8211; Museo delle Telecomunicazioni di Arezzo, Gruppo Memoranda<\/p>\n","protected":false},"excerpt":{"rendered":"<p>Un viaggio che parte dal Paradiso di Dante e che attraversa cinema, musica e filosofia (per tornare infine a Dante). L&#8217;iniziativa prevede la presentazione di due cortometraggi realizzati da InArceDantis, in occasione del settimo centenario della morte del Poeta, per la regia di Stefania Maggini. Da l\u00ec i partecipanti verranno coinvolti in un dialogo socratico [&hellip;]<\/p>\n","protected":false},"author":19,"featured_media":9730,"comment_status":"closed","ping_status":"closed","sticky":false,"template":"","format":"standard","meta":{"kk_blocks_editor_width":"","_kiokenblocks_attr":"","_kiokenblocks_dimensions":"","footnotes":""},"categories":[112,82,86,97],"tags":[],"_links":{"self":[{"href":"https:\/\/2022.bright-night.it\/index.php?rest_route=\/wp\/v2\/posts\/9729"}],"collection":[{"href":"https:\/\/2022.bright-night.it\/index.php?rest_route=\/wp\/v2\/posts"}],"about":[{"href":"https:\/\/2022.bright-night.it\/index.php?rest_route=\/wp\/v2\/types\/post"}],"author":[{"embeddable":true,"href":"https:\/\/2022.bright-night.it\/index.php?rest_route=\/wp\/v2\/users\/19"}],"replies":[{"embeddable":true,"href":"https:\/\/2022.bright-night.it\/index.php?rest_route=%2Fwp%2Fv2%2Fcomments&post=9729"}],"version-history":[{"count":5,"href":"https:\/\/2022.bright-night.it\/index.php?rest_route=\/wp\/v2\/posts\/9729\/revisions"}],"predecessor-version":[{"id":11368,"href":"https:\/\/2022.bright-night.it\/index.php?rest_route=\/wp\/v2\/posts\/9729\/revisions\/11368"}],"wp:featuredmedia":[{"embeddable":true,"href":"https:\/\/2022.bright-night.it\/index.php?rest_route=\/wp\/v2\/media\/9730"}],"wp:attachment":[{"href":"https:\/\/2022.bright-night.it\/index.php?rest_route=%2Fwp%2Fv2%2Fmedia&parent=9729"}],"wp:term":[{"taxonomy":"category","embeddable":true,"href":"https:\/\/2022.bright-night.it\/index.php?rest_route=%2Fwp%2Fv2%2Fcategories&post=9729"},{"taxonomy":"post_tag","embeddable":true,"href":"https:\/\/2022.bright-night.it\/index.php?rest_route=%2Fwp%2Fv2%2Ftags&post=9729"}],"curies":[{"name":"wp","href":"https:\/\/api.w.org\/{rel}","templated":true}]}}